{"id":1123,"date":"2018-11-25T15:27:17","date_gmt":"2018-11-25T15:27:17","guid":{"rendered":"http:\/\/bernhards-botanik.de\/?p=1123"},"modified":"2018-12-09T14:57:26","modified_gmt":"2018-12-09T14:57:26","slug":"sonntag-04-08-2019-gefuehrte-wanderung-nsg-maeusberg","status":"publish","type":"post","link":"https:\/\/bernhards-botanik.de\/?p=1123","title":{"rendered":"Sonntag 04.08.2019 &#8211; Gef\u00fchrte Wanderung NSG M\u00e4usberg"},"content":{"rendered":"<blockquote><p><strong>Gef\u00fchrte Wanderung durch das Naturschutzgebiet &#8222;M\u00e4usberg&#8220;<\/strong><\/p>\n<p><strong> N\u00e4he Wiesenfeld<\/strong><\/p>\n<p>Wir wandern durch alte Kulturlandschaft mit vielf\u00e4ltigen Lebensr\u00e4umen, Steppenheidewald mit Trockenrasen, Niederwald und alte Weinbaustrukturen. Wir treffen auf sp\u00e4tsommerliche Vegetation wie Astern und Doldenbl\u00fchern mit ihrem hohen Artenreichtum an Insekten. Mit sch\u00f6nen Ausblick in Spessart und Rh\u00f6n.<\/p><\/blockquote>\n<table border=\"0\" width=\"554\" cellspacing=\"0\" cellpadding=\"0\">\n<colgroup>\n<col width=\"85\">\n<col width=\"469\"><\/colgroup>\n<tbody>\n<tr>\n<td width=\"85\" height=\"17\"><strong>F\u00fchrungsnr:<\/strong><\/td>\n<td width=\"469\">06-19<\/td>\n<\/tr>\n<tr>\n<td height=\"17\"><strong>Titel:<\/strong><\/td>\n<td>Gef\u00fchrte Wanderung durch das Naturschutzgebiet M\u00e4usberg<\/td>\n<\/tr>\n<tr>\n<td height=\"17\"><strong>Leitung:<\/strong><\/td>\n<td>Bernd Dill, <em><strong>ANL<\/strong><\/em> Zertifizierter Natur-Landschaftsf\u00fchrer, gepr. Kr\u00e4uterf\u00fchrer<\/td>\n<\/tr>\n<tr>\n<td height=\"17\"><strong>Kosten:<\/strong><\/td>\n<td>4,00\u20ac\/Person, Kinder frei<\/td>\n<\/tr>\n<tr>\n<td height=\"17\"><b>Zeit:<\/b><\/td>\n<td>circa 2 Stunden (15-17 Uhr)<\/td>\n<\/tr>\n<tr>\n<td height=\"17\"><strong>Anmeldung:<\/strong><\/td>\n<td>bis sp\u00e4testens 03.08.2019<br \/>\n\u00fcber das <a title=\"Kontakt\" href=\"https:\/\/bernhards-botanik.de\/?page_id=11\" target=\"_blank\" rel=\"noopener\">Kontaktformular<\/a> oder Telefon: 09353\/8340<\/td>\n<\/tr>\n<tr>\n<td height=\"17\"><strong>Treffpunkt:<\/strong><\/td>\n<td>von Karlstadt kommend linksmainisch Richtung Wiesenfeld (Staatsstra\u00dfe 2435) an Abzweig Rohrbach vorbei. Nach ca. 100m in Einfahrt rechts zum Kompostwerk (KWK) fahren. Dort parken und Treffpunkt.<br \/>\n<iframe loading=\"lazy\" src=\"https:\/\/www.google.com\/maps\/embed?pb=!1m17!1m11!1m3!1d16228.817827379253!2d9.683938772896244!3d49.98984841164643!2m2!1f0!2f0!3m2!1i1024!2i768!4f13.1!3m3!1m2!1s0x0%3A0x0!2zNDnCsDU5JzAwLjciTiA5wrA0MicyNy40IkU!5e1!3m2!1sde!2sde!4v1544366639289\" width=\"425\" height=\"350\" frameborder=\"0\" style=\"border:0\" allowfullscreen><\/iframe><br \/>\n<small><a style=\"color: #0000ff; text-align: left;\" href=\"http:\/\/maps.google.de\/maps?f=q&amp;source=embed&amp;hl=de&amp;geocode=&amp;q=49.98352907166037+9.707596875780263+(Treffpunkt+M%C3%A4usberg)&amp;aq=&amp;sll=49.95964,9.77002&amp;sspn=0.009842,0.020084&amp;ie=UTF8&amp;t=h&amp;ll=49.985448,9.707794&amp;spn=0.019316,0.036478&amp;z=14\">Gr\u00f6\u00dfere Kartenansicht<\/a><\/small><\/td>\n<\/tr>\n<tr>\n<td height=\"17\"><strong>GPS:<\/strong><\/td>\n<td>49\u00b059&#8217;00.93&#8243;N 9\u00b042&#8217;27.12&#8243;E<\/td>\n<\/tr>\n<\/tbody>\n<\/table>\n<p><strong>Veranstalter:<\/strong><br \/>\nNatur- und Landschaftsf\u00fchrer Mainfranken e.V., Bund Naturschutz MSP<\/p>\n","protected":false},"excerpt":{"rendered":"<p>Gef\u00fchrte Wanderung durch das Naturschutzgebiet &#8222;M\u00e4usberg&#8220; N\u00e4he Wiesenfeld Wir wandern durch alte Kulturlandschaft mit vielf\u00e4ltigen Lebensr\u00e4umen, Steppenheidewald mit Trockenrasen, Niederwald und alte Weinbaustrukturen. Wir treffen auf sp\u00e4tsommerliche Vegetation wie Astern und Doldenbl\u00fchern mit ihrem hohen Artenreichtum an Insekten. Mit sch\u00f6nen &hellip; <a href=\"https:\/\/bernhards-botanik.de\/?p=1123\">Weiterlesen<\/a><\/p>\n","protected":false},"author":2,"featured_media":0,"comment_status":"closed","ping_status":"closed","sticky":false,"template":"","format":"standard","meta":{"ngg_post_thumbnail":0},"categories":[135],"tags":[],"_links":{"self":[{"href":"https:\/\/bernhards-botanik.de\/index.php?rest_route=\/wp\/v2\/posts\/1123"}],"collection":[{"href":"https:\/\/bernhards-botanik.de\/index.php?rest_route=\/wp\/v2\/posts"}],"about":[{"href":"https:\/\/bernhards-botanik.de\/index.php?rest_route=\/wp\/v2\/types\/post"}],"author":[{"embeddable":true,"href":"https:\/\/bernhards-botanik.de\/index.php?rest_route=\/wp\/v2\/users\/2"}],"replies":[{"embeddable":true,"href":"https:\/\/bernhards-botanik.de\/index.php?rest_route=%2Fwp%2Fv2%2Fcomments&post=1123"}],"version-history":[{"count":4,"href":"https:\/\/bernhards-botanik.de\/index.php?rest_route=\/wp\/v2\/posts\/1123\/revisions"}],"predecessor-version":[{"id":1155,"href":"https:\/\/bernhards-botanik.de\/index.php?rest_route=\/wp\/v2\/posts\/1123\/revisions\/1155"}],"wp:attachment":[{"href":"https:\/\/bernhards-botanik.de\/index.php?rest_route=%2Fwp%2Fv2%2Fmedia&parent=1123"}],"wp:term":[{"taxonomy":"category","embeddable":true,"href":"https:\/\/bernhards-botanik.de\/index.php?rest_route=%2Fwp%2Fv2%2Fcategories&post=1123"},{"taxonomy":"post_tag","embeddable":true,"href":"https:\/\/bernhards-botanik.de\/index.php?rest_route=%2Fwp%2Fv2%2Ftags&post=1123"}],"curies":[{"name":"wp","href":"https:\/\/api.w.org\/{rel}","templated":true}]}}