{"id":656,"date":"2015-12-26T16:07:40","date_gmt":"2015-12-26T16:07:40","guid":{"rendered":"http:\/\/bernhards-botanik.de\/?p=656"},"modified":"2015-12-30T18:00:33","modified_gmt":"2015-12-30T18:00:33","slug":"07-06-2016-fuehrung-ammerfeld","status":"publish","type":"post","link":"https:\/\/bernhards-botanik.de\/?p=656","title":{"rendered":"Sonntag, 05.06.2016 &#8211; F\u00fchrung Ammerfeld"},"content":{"rendered":"<blockquote><p><strong>Artenvielfalt unter extremen Bedingungen<\/strong><\/p>\n<p>Wir wandern im <strong><span style=\"text-decoration: underline;\">Naturschutzgebiet<\/span> Ammerfeld<\/strong> bei Aschfeld, Gemeinde Eu\u00dfenheim.<br \/>\nEs bietet mit Steppenheidewald, Magerrasen und Trockenh\u00e4ngen eine einzigartige Heimat f\u00fcr eine vielf\u00e4ltige Pflanzen- und Insektenwelt. Lernen Sie diesen wundersch\u00f6nen bl\u00fchenden Lebensraum kennen.<\/p><\/blockquote>\n<table border=\"0\" width=\"554\" cellspacing=\"0\" cellpadding=\"0\">\n<colgroup>\n<col width=\"85\" \/>\n<col width=\"469\" \/><\/colgroup>\n<tbody>\n<tr>\n<td width=\"85\" height=\"17\"><strong>F\u00fchrungsnr:<\/strong><\/td>\n<td width=\"469\">05-16<\/td>\n<\/tr>\n<tr>\n<td height=\"17\"><strong>Titel:<\/strong><\/td>\n<td>Artenvielfalt unter extremen Bedingungen<\/td>\n<\/tr>\n<tr>\n<td height=\"17\"><strong>Leitung:<\/strong><\/td>\n<td>Bernd Dill \u00a0Zertifizierter Natur-, Landschafts- und Kr\u00e4uterf\u00fchrer<\/td>\n<\/tr>\n<tr>\n<td height=\"17\"><strong>Kosten:<\/strong><\/td>\n<td>4,00\u20ac\/Person, Kinder frei<\/td>\n<\/tr>\n<tr>\n<td height=\"17\"><b>Zeit:<\/b><\/td>\n<td>circa 2 Stunden (15-17 Uhr)<\/td>\n<\/tr>\n<tr>\n<td height=\"17\"><strong>Anmeldung:<\/strong><\/td>\n<td>bis sp\u00e4testens 04.06.2016<br \/>\n\u00fcber das <a title=\"Kontakt\" href=\"https:\/\/bernhards-botanik.de\/?page_id=11\" target=\"_blank\">Kontaktformular<\/a> oder Telefon: 09353\/8340<\/td>\n<\/tr>\n<tr>\n<td height=\"17\"><strong>Treffpunkt:<\/strong><\/td>\n<td>Von Karlstadt B27 Richtung Hammelburg, nach Eu\u00dfenheim Abzweig rechts nach Aschfeld.Ca.200m nach Ortseingang bei kleiner Kapelle Abzweig links (Schild NSG Ammerfeld) ca. 500m Kerztalstra\u00dfe hochfahren bis NSG Infotafel. Parkplatz und Treffpunkt.<br \/>\n<iframe loading=\"lazy\" src=\"http:\/\/maps.google.de\/maps?f=q&amp;source=s_q&amp;hl=de&amp;geocode=&amp;q=50.00604594387289+9.812510341929832+(Treffpunkt+Ammerfeld)&amp;aq=&amp;sll=49.983699,9.707683&amp;sspn=0.019675,0.040169&amp;vpsrc=0&amp;ie=UTF8&amp;t=h&amp;z=14&amp;ll=50.006046,9.81251&amp;output=embed\" width=\"425\" height=\"350\" frameborder=\"0\" marginwidth=\"0\" marginheight=\"0\" scrolling=\"no\"><\/iframe><br \/>\n<small><a style=\"color: #0000ff; text-align: left;\" href=\"http:\/\/maps.google.de\/maps?f=q&amp;source=embed&amp;hl=de&amp;geocode=&amp;q=50.00604594387289+9.812510341929832+(Treffpunkt+Ammerfeld)&amp;aq=&amp;sll=49.983699,9.707683&amp;sspn=0.019675,0.040169&amp;vpsrc=0&amp;ie=UTF8&amp;t=h&amp;z=14&amp;ll=50.006046,9.81251\">Gr\u00f6\u00dfere Kartenansicht<\/a><\/small><\/td>\n<\/tr>\n<tr>\n<td height=\"17\"><strong>GPS:<\/strong><\/td>\n<td>50\u00b000&#8217;21,73&#8243;N 9\u00b048&#8217;44.79&#8243;E<\/td>\n<\/tr>\n<\/tbody>\n<\/table>\n<p>Veranstalter: Natur- und Landschaftsf\u00fchrer Mainfranken e.V.<\/p>\n","protected":false},"excerpt":{"rendered":"<p>Artenvielfalt unter extremen Bedingungen Wir wandern im Naturschutzgebiet Ammerfeld bei Aschfeld, Gemeinde Eu\u00dfenheim. Es bietet mit Steppenheidewald, Magerrasen und Trockenh\u00e4ngen eine einzigartige Heimat f\u00fcr eine vielf\u00e4ltige Pflanzen- und Insektenwelt. Lernen Sie diesen wundersch\u00f6nen bl\u00fchenden Lebensraum kennen. F\u00fchrungsnr: 05-16 Titel: Artenvielfalt &hellip; <a href=\"https:\/\/bernhards-botanik.de\/?p=656\">Weiterlesen<\/a><\/p>\n","protected":false},"author":2,"featured_media":0,"comment_status":"closed","ping_status":"open","sticky":false,"template":"","format":"standard","meta":{"ngg_post_thumbnail":0},"categories":[116],"tags":[],"_links":{"self":[{"href":"https:\/\/bernhards-botanik.de\/index.php?rest_route=\/wp\/v2\/posts\/656"}],"collection":[{"href":"https:\/\/bernhards-botanik.de\/index.php?rest_route=\/wp\/v2\/posts"}],"about":[{"href":"https:\/\/bernhards-botanik.de\/index.php?rest_route=\/wp\/v2\/types\/post"}],"author":[{"embeddable":true,"href":"https:\/\/bernhards-botanik.de\/index.php?rest_route=\/wp\/v2\/users\/2"}],"replies":[{"embeddable":true,"href":"https:\/\/bernhards-botanik.de\/index.php?rest_route=%2Fwp%2Fv2%2Fcomments&post=656"}],"version-history":[{"count":10,"href":"https:\/\/bernhards-botanik.de\/index.php?rest_route=\/wp\/v2\/posts\/656\/revisions"}],"predecessor-version":[{"id":706,"href":"https:\/\/bernhards-botanik.de\/index.php?rest_route=\/wp\/v2\/posts\/656\/revisions\/706"}],"wp:attachment":[{"href":"https:\/\/bernhards-botanik.de\/index.php?rest_route=%2Fwp%2Fv2%2Fmedia&parent=656"}],"wp:term":[{"taxonomy":"category","embeddable":true,"href":"https:\/\/bernhards-botanik.de\/index.php?rest_route=%2Fwp%2Fv2%2Fcategories&post=656"},{"taxonomy":"post_tag","embeddable":true,"href":"https:\/\/bernhards-botanik.de\/index.php?rest_route=%2Fwp%2Fv2%2Ftags&post=656"}],"curies":[{"name":"wp","href":"https:\/\/api.w.org\/{rel}","templated":true}]}}