{"id":908,"date":"2017-12-05T10:26:02","date_gmt":"2017-12-05T10:26:02","guid":{"rendered":"http:\/\/bernhards-botanik.de\/?p=908"},"modified":"2018-11-25T16:42:41","modified_gmt":"2018-11-25T16:42:41","slug":"sonntag-09-09-2018-enziane-astern-und-witwenblumen","status":"publish","type":"post","link":"https:\/\/bernhards-botanik.de\/?p=908","title":{"rendered":"Sonntag 08.09.2019 Enziane, Astern und Witwenblumen"},"content":{"rendered":"<blockquote><p><strong>Enziane, Astern und Witwenblumen<\/strong><\/p>\n<p>Sp\u00e4tsommerliche Pflanzenwelt im NSG St\u00e4ndelberg. N\u00e4he Wiesenfeld. Auf unseren Weg durch den fr\u00e4nkischen Magerrasen werden wir auf eine vielf\u00e4ltige Pflanzen- und Insektenwelt treffen. Wir erfahren auch interessantes \u00fcber die \u00f6kologischen Zusammenh\u00e4nge und Pflege dieses Lebensraumes. Mit sch\u00f6ner Aussicht ins Maintal und Spessart.<\/p><\/blockquote>\n<p>&nbsp;<\/p>\n<table border=\"0\" width=\"554\" cellspacing=\"0\" cellpadding=\"0\">\n<colgroup>\n<col width=\"85\">\n<col width=\"469\"><\/colgroup>\n<tbody>\n<tr>\n<td width=\"85\" height=\"17\"><strong>F\u00fchrungsnr:<\/strong><\/td>\n<td width=\"469\">08-19<\/td>\n<\/tr>\n<tr>\n<td height=\"17\"><strong>Titel:<\/strong><\/td>\n<td>Enziane, Astern und Witwenblumen<br \/>\nSp\u00e4tsommerliche Pflanzenwelt im Naturschutzgebiet St\u00e4ndelberg<\/td>\n<\/tr>\n<tr>\n<td height=\"20\"><strong>Leitung:<\/strong><\/td>\n<td>Bernd Dill, zertifizierter&nbsp;Natur-, Landschafts- und Kr\u00e4uterf\u00fchrer<\/td>\n<\/tr>\n<tr>\n<td height=\"17\"><strong>Kosten:<\/strong><\/td>\n<td>4,00\u20ac\/Person, Kinder frei<\/td>\n<\/tr>\n<tr>\n<td height=\"17\"><b>Zeit:<\/b><\/td>\n<td>circa 2 Stunden (14-16 Uhr)<\/td>\n<\/tr>\n<tr>\n<td height=\"17\"><strong>Anmeldung:<\/strong><\/td>\n<td>bis sp\u00e4testens 07.09.2019<br \/>\n\u00fcber das <a title=\"Kontakt\" href=\"https:\/\/bernhards-botanik.de\/?page_id=11\" target=\"_blank\" rel=\"noopener\">Kontaktformular<\/a> oder Telefon: 09353\/8340<\/td>\n<\/tr>\n<tr>\n<td height=\"17\"><strong>Treffpunkt:<\/strong><\/td>\n<td>Von Karlstadt kommend, linksmainisch in Richtung Wiesenfeld (Staatsstra\u00dfe 2435), kurz vor Ortseingang in scharfer Linkskurve rechts abbiegen, (Sch\u00e4ferei Bruder) danach ca. 400m bis zur Bahnunterf\u00fchrung.<br \/>\n<strong>Dort Parkm\u00f6glichkeit und Treffpunkt.<\/strong><br \/>\n<iframe loading=\"lazy\" style=\"border: 0;\" src=\"https:\/\/www.google.com\/maps\/embed?pb=!1m18!1m12!1m3!1d7579.136890697889!2d9.69414909162173!3d49.99260621529169!2m3!1f0!2f0!3f0!3m2!1i1024!2i768!4f13.1!3m3!1m2!1s0x0%3A0x0!2zNDnCsDU5JzI5LjUiTiA5wrA0MSc0My4yIkU!5e1!3m2!1sen!2sde!4v1420998530472\" width=\"425\" height=\"350\" frameborder=\"0\"><\/iframe><\/td>\n<\/tr>\n<tr>\n<td height=\"17\"><strong>GPS:<\/strong><\/td>\n<td>49\u00b059&#8217;29.6&#8243;N 9\u00b041&#8217;43.1&#8243;E<\/td>\n<\/tr>\n<\/tbody>\n<\/table>\n<p>Veranstalter:<br \/>\nBN Main-Spessart, Natur- und Landschaftsf\u00fchrer Mainfranken e.V.<\/p>\n","protected":false},"excerpt":{"rendered":"<p>Enziane, Astern und Witwenblumen Sp\u00e4tsommerliche Pflanzenwelt im NSG St\u00e4ndelberg. N\u00e4he Wiesenfeld. Auf unseren Weg durch den fr\u00e4nkischen Magerrasen werden wir auf eine vielf\u00e4ltige Pflanzen- und Insektenwelt treffen. Wir erfahren auch interessantes \u00fcber die \u00f6kologischen Zusammenh\u00e4nge und Pflege dieses Lebensraumes. Mit &hellip; <a href=\"https:\/\/bernhards-botanik.de\/?p=908\">Weiterlesen<\/a><\/p>\n","protected":false},"author":2,"featured_media":0,"comment_status":"closed","ping_status":"open","sticky":false,"template":"","format":"standard","meta":{"ngg_post_thumbnail":0},"categories":[134],"tags":[],"_links":{"self":[{"href":"https:\/\/bernhards-botanik.de\/index.php?rest_route=\/wp\/v2\/posts\/908"}],"collection":[{"href":"https:\/\/bernhards-botanik.de\/index.php?rest_route=\/wp\/v2\/posts"}],"about":[{"href":"https:\/\/bernhards-botanik.de\/index.php?rest_route=\/wp\/v2\/types\/post"}],"author":[{"embeddable":true,"href":"https:\/\/bernhards-botanik.de\/index.php?rest_route=\/wp\/v2\/users\/2"}],"replies":[{"embeddable":true,"href":"https:\/\/bernhards-botanik.de\/index.php?rest_route=%2Fwp%2Fv2%2Fcomments&post=908"}],"version-history":[{"count":4,"href":"https:\/\/bernhards-botanik.de\/index.php?rest_route=\/wp\/v2\/posts\/908\/revisions"}],"predecessor-version":[{"id":1138,"href":"https:\/\/bernhards-botanik.de\/index.php?rest_route=\/wp\/v2\/posts\/908\/revisions\/1138"}],"wp:attachment":[{"href":"https:\/\/bernhards-botanik.de\/index.php?rest_route=%2Fwp%2Fv2%2Fmedia&parent=908"}],"wp:term":[{"taxonomy":"category","embeddable":true,"href":"https:\/\/bernhards-botanik.de\/index.php?rest_route=%2Fwp%2Fv2%2Fcategories&post=908"},{"taxonomy":"post_tag","embeddable":true,"href":"https:\/\/bernhards-botanik.de\/index.php?rest_route=%2Fwp%2Fv2%2Ftags&post=908"}],"curies":[{"name":"wp","href":"https:\/\/api.w.org\/{rel}","templated":true}]}}