{"id":954,"date":"2017-12-07T16:01:30","date_gmt":"2017-12-07T16:01:30","guid":{"rendered":"http:\/\/bernhards-botanik.de\/?p=954"},"modified":"2018-11-20T14:45:27","modified_gmt":"2018-11-20T14:45:27","slug":"ostermontag-02-04-2018-fruehjahrsblueher-rammersberg","status":"publish","type":"post","link":"https:\/\/bernhards-botanik.de\/?p=954","title":{"rendered":"Sonntag, 07.04.2018- Fr\u00fchjahrsbl\u00fcher Rammersberg"},"content":{"rendered":"<blockquote><p><strong>Zu den Adonisr\u00f6schen und K\u00fcchenschellen &amp; Co<\/strong><\/p>\n<p>Naturkundliche Wanderung in das Naturschutzgebiet &#8222;Rammersberg&#8220; bei Wiesenfeld (N\u00e4he Karlstadt). Genie\u00dfen Sie das Erwachen der Natur mit den ersten Bl\u00fctenpflanzen, Schmetterlingen und Insekten. Wir lauschen den Fr\u00fchlingsges\u00e4ngen der Vogelwelt. Mit sch\u00f6nen Ausblick ins Maintal und Rh\u00f6n.<\/p><\/blockquote>\n<table border=\"0\" width=\"554\" cellspacing=\"0\" cellpadding=\"0\">\n<colgroup>\n<col width=\"85\">\n<col width=\"469\"><\/colgroup>\n<tbody>\n<tr>\n<td width=\"85\" height=\"17\"><strong>F\u00fchrungsnr:<\/strong><\/td>\n<td width=\"469\">02-19<\/td>\n<\/tr>\n<tr>\n<td height=\"17\"><strong>Titel:<\/strong><\/td>\n<td>Zu den Adonisr\u00f6schen und K\u00fcchenschellen &amp; Co.<\/td>\n<\/tr>\n<tr>\n<td height=\"17\"><strong>Leitung:<\/strong><\/td>\n<td>Bernd Dill&nbsp;&nbsp;<em><strong>ANL<\/strong><\/em> Zertifizierter Natur- und Landschaftsf\u00fchrer, Gepr. Kr\u00e4uterf\u00fchrer<\/td>\n<\/tr>\n<tr>\n<td height=\"17\"><strong>Kosten:<\/strong><\/td>\n<td>4,00\u20ac\/Person, Kinder frei<\/td>\n<\/tr>\n<tr>\n<td height=\"17\"><b>Zeit:<\/b><\/td>\n<td>circa 2 Stunden (14-16 Uhr)<\/td>\n<\/tr>\n<tr>\n<td height=\"17\"><strong>Anmeldung:<\/strong><\/td>\n<td>bis sp\u00e4testens 06.04.2019<br \/>\n\u00fcber das <a title=\"Kontakt\" href=\"https:\/\/bernhards-botanik.de\/?page_id=11\" target=\"_blank\" rel=\"noopener\">Kontaktformular<\/a> oder Telefon: 09353\/8340<\/td>\n<\/tr>\n<tr>\n<td height=\"17\"><strong>Treffpunkt:<\/strong><\/td>\n<td>von Karlstadt kommend, linksmainisch, Richtung Wiesenfeld (Staatsstra\u00dfe 2435),kurz vor Ortseingang in scharfer Linkskurve rechts abbiegen (zur Sch\u00e4ferei Bruder), danach ca. 400m zur Bahnunterf\u00fchrung, dort Parkm\u00f6glichkeit und Treffpunkt.<br \/>\n<iframe loading=\"lazy\" src=\"http:\/\/maps.google.de\/maps?f=q&amp;source=s_q&amp;hl=de&amp;geocode=&amp;q=49.99156856364144+9.69531784510914+(Treffpunkt+Rammersberg)&amp;aq=&amp;sll=49.99334,9.695563&amp;sspn=0.019671,0.040169&amp;vpsrc=0&amp;ie=UTF8&amp;ll=49.99334,9.695563&amp;spn=0.019672,0.040169&amp;t=h&amp;z=14&amp;output=embed\" width=\"425\" height=\"350\" frameborder=\"0\" marginwidth=\"0\" marginheight=\"0\" scrolling=\"no\" data-mce-fragment=\"1\"><\/iframe><br \/>\n<small><a style=\"color: #0000ff; text-align: left;\" href=\"http:\/\/maps.google.de\/maps?f=q&amp;source=embed&amp;hl=de&amp;geocode=&amp;q=49.99156856364144+9.69531784510914+(Treffpunkt+Rammersberg)&amp;aq=&amp;sll=49.99334,9.695563&amp;sspn=0.019671,0.040169&amp;vpsrc=0&amp;ie=UTF8&amp;ll=49.99334,9.695563&amp;spn=0.019672,0.040169&amp;t=h&amp;z=14\">Gr\u00f6\u00dfere Kartenansicht<\/a><\/small><\/td>\n<\/tr>\n<tr>\n<td height=\"17\"><strong>GPS:<\/strong><\/td>\n<td>49\u00b059&#8217;29,6&#8243;N 9\u00b041&#8217;43,1&#8243;E<\/td>\n<\/tr>\n<\/tbody>\n<\/table>\n<p><strong>Veranstalter<\/strong>: Natur- und Landschaftsf\u00fchrer Mainfranken e.V., Bund Naturschutz MSP<\/p>\n","protected":false},"excerpt":{"rendered":"<p>Zu den Adonisr\u00f6schen und K\u00fcchenschellen &amp; Co Naturkundliche Wanderung in das Naturschutzgebiet &#8222;Rammersberg&#8220; bei Wiesenfeld (N\u00e4he Karlstadt). Genie\u00dfen Sie das Erwachen der Natur mit den ersten Bl\u00fctenpflanzen, Schmetterlingen und Insekten. Wir lauschen den Fr\u00fchlingsges\u00e4ngen der Vogelwelt. Mit sch\u00f6nen Ausblick ins &hellip; <a href=\"https:\/\/bernhards-botanik.de\/?p=954\">Weiterlesen<\/a><\/p>\n","protected":false},"author":2,"featured_media":0,"comment_status":"closed","ping_status":"open","sticky":false,"template":"","format":"standard","meta":{"ngg_post_thumbnail":0},"categories":[134],"tags":[],"_links":{"self":[{"href":"https:\/\/bernhards-botanik.de\/index.php?rest_route=\/wp\/v2\/posts\/954"}],"collection":[{"href":"https:\/\/bernhards-botanik.de\/index.php?rest_route=\/wp\/v2\/posts"}],"about":[{"href":"https:\/\/bernhards-botanik.de\/index.php?rest_route=\/wp\/v2\/types\/post"}],"author":[{"embeddable":true,"href":"https:\/\/bernhards-botanik.de\/index.php?rest_route=\/wp\/v2\/users\/2"}],"replies":[{"embeddable":true,"href":"https:\/\/bernhards-botanik.de\/index.php?rest_route=%2Fwp%2Fv2%2Fcomments&post=954"}],"version-history":[{"count":4,"href":"https:\/\/bernhards-botanik.de\/index.php?rest_route=\/wp\/v2\/posts\/954\/revisions"}],"predecessor-version":[{"id":1075,"href":"https:\/\/bernhards-botanik.de\/index.php?rest_route=\/wp\/v2\/posts\/954\/revisions\/1075"}],"wp:attachment":[{"href":"https:\/\/bernhards-botanik.de\/index.php?rest_route=%2Fwp%2Fv2%2Fmedia&parent=954"}],"wp:term":[{"taxonomy":"category","embeddable":true,"href":"https:\/\/bernhards-botanik.de\/index.php?rest_route=%2Fwp%2Fv2%2Fcategories&post=954"},{"taxonomy":"post_tag","embeddable":true,"href":"https:\/\/bernhards-botanik.de\/index.php?rest_route=%2Fwp%2Fv2%2Ftags&post=954"}],"curies":[{"name":"wp","href":"https:\/\/api.w.org\/{rel}","templated":true}]}}